{"id":36219,"date":"2020-11-02T16:35:44","date_gmt":"2020-11-02T15:35:44","guid":{"rendered":"https:\/\/lifewatercool.com\/2020\/11\/02\/work-on-the-life-watercool-climate-adaptation-project-in-seville-to-start-in-2021\/"},"modified":"2020-11-02T16:35:44","modified_gmt":"2020-11-02T15:35:44","slug":"work-on-the-life-watercool-climate-adaptation-project-in-seville-to-start-in-2021","status":"publish","type":"post","link":"https:\/\/lifewatercool.com\/en\/work-on-the-life-watercool-climate-adaptation-project-in-seville-to-start-in-2021\/","title":{"rendered":"Work on the LIFE WaterCool climate adaptation project in Seville to start in 2021"},"content":{"rendered":"<p><strong>Madrid\/Sevilla 2, nov .-<\/strong><\/p>\n<p>The LIFE WaterCool climate change adaptation project to be implemented in the city of Seville, whose work will focus on water and the remodeling of several streets in the capital of Seville over the three-year duration, will begin work in 2021 on the Avenida de la Cruz Roja.<\/p>\n<p>Seville is the largest city in southern Spain, with between 1.4 and 1.6 million inhabitants in the metropolitan ring, where the quality of life, economic development and well-being of the city are directly related to the climate.<\/p>\n<p>Climate forecasts predict a rise in temperature in the city of about 4.5 degrees and a 20 % reduction in rainfall, factors that have consequences for people&#8217;s health, economic development, employment, among other aspects.<\/p>\n<p>The objective of LIFE Water Cool, co-financed by the European Union, is to implement &#8220;innovative solutions&#8221; for adaptation to climate change in urban spaces based on urban water management, according to project sources.<\/p>\n<p>The implementation and execution of the project will take place in the Macarena neighborhood, specifically in the Avenida de la Cruz Roja and the confluence with the streets Doctor Jimenez Diaz and Manuel Villalobos.<\/p>\n<p>The works will be carried out using the water network managed by Empresa Metropolitana de Abastecimiento y Saneamiento de Aguas de Sevilla, S.A. (Emasesa). (Emasesa), in order to maximize sustainability in the city and the welfare of citizens.<\/p>\n<p>The development of the actions are intended through the design and integral and systemic application of urban water management, together with more specific microclimatic actions such as the increase of trees, to reduce the temperature between 3 and 5 degrees Celsius in the area of application.<\/p>\n<p>The objective is to reinforce the current urban water system with mechanisms to redirect runoff water from rainfall with the aim of reusing it locally for, among other uses, irrigation of parks and gardens.\u00a0It will also demonstrate new ways to reduce the &#8216;heat island&#8217; effect and improve the permeability of urban surfaces.<\/p>\n<p>The actions include interventions in public open spaces, but also actions in public and private buildings in the neighborhood, with a public school as the first demonstration site for integration during the project.<\/p>\n<p>It also aims to involve civil society actors and local agents and to have replications at local, national and international levels.<\/p>\n<p>The initial concrete actions will be focused on three streets, a school, the square and the park behind the center, and will be replicated throughout the life of the project in six other streets and eight other schools in Seville during the three-year duration of the Life Water Cool project.<\/p>\n<p>In addition, retrofit solutions will be implemented in ten new streets (10% of the street area), 60 new schools and public buildings in Seville over five years.<\/p>\n<p>Finally, it will be transferred to Porto and two other cities in the European Union, with three streets per city per year in five years, which will be possible thanks to a computer tool for the selection of green solutions based on specific indicators when acting on streets or public or private spaces.<\/p>\n<p>Also, with the aim of achieving the participation of the population to address the phenomena and impact of climate change, their participation is sought from the design of the project to the end of it with the results.LIFE Water Cool has synergy, in its socio-economic approach, with the Agenda 2030 of the European Union for Sustainable Development and the Andalusian Strategy for Sustainable Development 2030. EFEverde<\/p>\n<p><span class=\"embed-youtube\" style=\"text-align:center; display: block;\"><iframe class=\"youtube-player\" width=\"1060\" height=\"597\" src=\"https:\/\/www.youtube.com\/embed\/JeBSJmisLGY?version=3&#038;rel=1&#038;showsearch=0&#038;showinfo=1&#038;iv_load_policy=1&#038;fs=1&#038;hl=en-US&#038;autohide=2&#038;wmode=transparent\" allowfullscreen=\"true\" style=\"border:0;\" sandbox=\"allow-scripts allow-same-origin allow-popups allow-presentation allow-popups-to-escape-sandbox\"><\/iframe><\/span><\/p>\n<p>&nbsp;<\/p>\n<p>&nbsp;<\/p>\n<p><a href=\"http:\/\/www.efeverde.com\/\" target=\"_blank\" rel=\"noopener noreferrer\">Information provided by EFEverde of Agencia EFE and published as part of its participation in the European Union&#8217;s Life WaterCool project.<\/a><\/p>\n<h1 style=\"text-align: center;\"><strong><span style=\"color: #00ccff;\">_________<\/span><\/strong><\/h1>\n<p style=\"text-align: center;\">The contents of this document reflect the views only of the authors and the European Union\/EASME is not responsible for the use of its contents.<br \/>\nthe European Union\/EASME is not responsible for any use that may be made of the information contained herein.<br \/>\nfor any use that may be made of the information contained herein.<\/p>\n<p class=\"entradilla\"><iframe id=\"twitter-widget-1\" class=\"twitter-follow-button twitter-follow-button-rendered\" title=\"Twitter Follow Button\" src=\"https:\/\/platform.twitter.com\/widgets\/follow_button.0ab153032b20288d9a500659d8c7ba17.es.html#dnt=false&amp;id=twitter-widget-1&amp;lang=es&amp;screen_name=lifewatercool&amp;show_count=true&amp;show_screen_name=true&amp;size=l&amp;time=1583510190860\" frameborder=\"0\" scrolling=\"no\" allowfullscreen=\"allowfullscreen\" data-screen-name=\"lifewatercool\" data-mce-fragment=\"1\"><\/iframe><\/p>\n<p><strong>About <a href=\"http:\/\/ec.europa.eu\/environment\/life\/project\/Projects\/index.cfm?fuseaction=search.dspPage&amp;n_proj_id=7101\" target=\"_blank\" rel=\"noopener noreferrer\">LIFE18 CCA\/ES\/001122<\/a>\u00a0<\/strong><\/p>\n<div class=\"content content_top_margin\">\n<div class=\"content_inner \">\n<div class=\"full_width\">\n<div class=\"full_width_inner\">\n<div class=\"blog_single blog_holder single_image_title_post\">\n<article id=\"post-484\" class=\"post-484 post type-post status-publish format-standard has-post-thumbnail hentry category-otras-noticias\">\n<div class=\"post_content_holder\">\n<div class=\"post_text\">\n<div class=\"post_text_inner\">\n<p><a href=\"http:\/\/www.lifeinvasaqua.com\/\" target=\"_blank\" rel=\"noopener noreferrer\"><strong>Water efficient systemic concept for climate change adaptation in urban areas.<\/strong><\/a><\/p>\n<p>Life Invasaqua is co-financed by the EU under the Life initiative and coordinated by <a href=\"https:\/\/www.emasesa.com\/\" target=\"_blank\" rel=\"noopener noreferrer\">Emasesa<\/a>. This European project aims to: develop and test innovative solutions to cope with high temperatures, both outdoors and indoors, and with temporary water runoff and drought situations in an urban environment subject to climate change.<\/p>\n<p>Partners: <a href=\"https:\/\/www.emasesa.com\/\" target=\"_blank\" rel=\"noopener noreferrer\">Emasesa<\/a>, Alten, <a href=\"http:\/\/www.efeverde.com\/\" target=\"_blank\" rel=\"noopener noreferrer\">AgenciaEFE<\/a>\u00a0(<a href=\"http:\/\/twitter.com\/efeverde\" target=\"_blank\" rel=\"noopener noreferrer\">@efeverde<\/a>),\u00a0<a href=\"https:\/\/www.sevilla.org\/\" target=\"_blank\" rel=\"noopener noreferrer\">Ayuntamiento de Sevilla<\/a>,\u00a0<a href=\"https:\/\/www.us.es\/\" target=\"_blank\" rel=\"noopener noreferrer\">Universidad de Sevilla<\/a><\/p>\n<p><img data-recalc-dims=\"1\" fetchpriority=\"high\" decoding=\"async\" class=\"size-full wp-image-276 aligncenter\" src=\"https:\/\/i0.wp.com\/lifewatercool.com\/wp-content\/uploads\/2020\/03\/programa-life.jpg?resize=264%2C191&#038;ssl=1\" alt=\"\" width=\"264\" height=\"191\" \/><\/p>\n<\/div>\n<\/div>\n<\/div>\n<\/article>\n<\/div>\n<\/div>\n<\/div>\n<\/div>\n<\/div>\n<div class=\"content content_top_margin\">\n<div class=\"content_inner \">\n<div class=\"full_width\">\n<div class=\"full_width_inner\">\n<div class=\"blog_single blog_holder single_image_title_post\">\n<article id=\"post-484\" class=\"post-484 post type-post status-publish format-standard has-post-thumbnail hentry category-otras-noticias\">\n<div class=\"post_content_holder\">\n<div class=\"post_text\">\n<p style=\"text-align: center;\">\n<p><img data-recalc-dims=\"1\" decoding=\"async\" class=\"alignnone size-full wp-image-3827\" src=\"https:\/\/i0.wp.com\/lifewatercool.com\/wp-content\/uploads\/2021\/11\/Socios-de-Life-Warercool-con-alten-1.png?resize=1060%2C440&#038;ssl=1\" alt=\"\" width=\"1060\" height=\"440\" \/><\/p>\n<\/div>\n<\/div>\n<\/article>\n<\/div>\n<\/div>\n<\/div>\n<\/div>\n<\/div>\n","protected":false},"excerpt":{"rendered":"<p>Madrid\/Sevilla 2, nov .- The LIFE WaterCool climate change adaptation project to be implemented in the city of Seville, whose work will focus on water and the remodeling of several streets in the capital of Seville over the three-year duration, will begin work in 2021&#8230;<\/p>\n","protected":false},"author":198164074,"featured_media":35248,"comment_status":"open","ping_status":"open","sticky":false,"template":"","format":"standard","meta":{"_acf_changed":false,"_jetpack_newsletter_access":"","_jetpack_dont_email_post_to_subs":false,"_jetpack_newsletter_tier_id":0,"_jetpack_memberships_contains_paywalled_content":false,"_wpcom_ai_launchpad_first_post":false,"_jetpack_feature_clip_id":0,"_jetpack_memberships_contains_paid_content":false,"footnotes":"","jetpack_publicize_message":"","jetpack_publicize_feature_enabled":true,"jetpack_social_post_already_shared":true,"jetpack_social_options":{"image_generator_settings":{"template":"highway","default_image_id":0,"font":"","enabled":false},"version":2},"jetpack_post_was_ever_published":false},"categories":[121853,121855],"tags":[121858,121864,121859,121860,121867,121862],"class_list":["post-36219","post","type-post","status-publish","format-standard","has-post-thumbnail","hentry","category-milestones","category-news","tag-agua-y-cambio-climatico-en","tag-agua-y-ciudades-en","tag-calentamiento-global-en","tag-ciudades-y-cambio-climatico-en","tag-hitos-del-proyecto-lifewatercool-en","tag-sevilla-y-cambio-climatico-en"],"acf":[],"yoast_head":"<!-- This site is optimized with the Yoast SEO plugin v28.3 - https:\/\/yoast.com\/product\/yoast-seo-wordpress\/ -->\n<title>Work on the LIFE WaterCool climate adaptation project in Seville to start in 2021 - LifeWaterCool<\/title>\n<meta name=\"robots\" content=\"index, follow, max-snippet:-1, max-image-preview:large, max-video-preview:-1\" \/>\n<link rel=\"canonical\" href=\"https:\/\/lifewatercool.com\/en\/work-on-the-life-watercool-climate-adaptation-project-in-seville-to-start-in-2021\/\" \/>\n<meta property=\"og:locale\" content=\"en_US\" \/>\n<meta property=\"og:type\" content=\"article\" \/>\n<meta property=\"og:title\" content=\"Work on the LIFE WaterCool climate adaptation project in Seville to start in 2021 - LifeWaterCool\" \/>\n<meta property=\"og:description\" content=\"Madrid\/Sevilla 2, nov .- The LIFE WaterCool climate change adaptation project to be implemented in the city of Seville, whose work will focus on water and the remodeling of several streets in the capital of Seville over the three-year duration, will begin work in 2021...\" \/>\n<meta property=\"og:url\" content=\"https:\/\/lifewatercool.com\/en\/work-on-the-life-watercool-climate-adaptation-project-in-seville-to-start-in-2021\/\" \/>\n<meta property=\"og:site_name\" content=\"LifeWaterCool\" \/>\n<meta property=\"article:publisher\" content=\"https:\/\/www.facebook.com\/lifewatercool\/\" \/>\n<meta property=\"article:published_time\" content=\"2020-11-02T15:35:44+00:00\" \/>\n<meta property=\"og:image\" content=\"https:\/\/lifewatercool.com\/wp-content\/uploads\/2022\/06\/Avenida-de-la-cruz-roja-de-sevilla-adaptacion-al-cambio-climatico-lifewatercool-1024x532.png\" \/>\n\t<meta property=\"og:image:width\" content=\"1024\" \/>\n\t<meta property=\"og:image:height\" content=\"532\" \/>\n\t<meta property=\"og:image:type\" content=\"image\/png\" \/>\n<meta name=\"author\" content=\"Arturo Larena\" \/>\n<meta name=\"twitter:card\" content=\"summary_large_image\" \/>\n<meta name=\"twitter:creator\" content=\"@lifewatercool\" \/>\n<meta name=\"twitter:site\" content=\"@lifewatercool\" \/>\n<meta name=\"twitter:label1\" content=\"Written by\" \/>\n\t<meta name=\"twitter:data1\" content=\"Arturo Larena\" \/>\n\t<meta name=\"twitter:label2\" content=\"Est. reading time\" \/>\n\t<meta name=\"twitter:data2\" content=\"4 minutes\" \/>\n<script type=\"application\/ld+json\" class=\"yoast-schema-graph\">{\"@context\":\"https:\\\/\\\/schema.org\",\"@graph\":[{\"@type\":\"Article\",\"@id\":\"https:\\\/\\\/lifewatercool.com\\\/en\\\/work-on-the-life-watercool-climate-adaptation-project-in-seville-to-start-in-2021\\\/#article\",\"isPartOf\":{\"@id\":\"https:\\\/\\\/lifewatercool.com\\\/en\\\/work-on-the-life-watercool-climate-adaptation-project-in-seville-to-start-in-2021\\\/\"},\"author\":{\"name\":\"Arturo Larena\",\"@id\":\"https:\\\/\\\/lifewatercool.com\\\/en\\\/#\\\/schema\\\/person\\\/1c3e0c5ceb93239f86ba2caf0536d22a\"},\"headline\":\"Work on the LIFE WaterCool climate adaptation project in Seville to start in 2021\",\"datePublished\":\"2020-11-02T15:35:44+00:00\",\"mainEntityOfPage\":{\"@id\":\"https:\\\/\\\/lifewatercool.com\\\/en\\\/work-on-the-life-watercool-climate-adaptation-project-in-seville-to-start-in-2021\\\/\"},\"wordCount\":742,\"commentCount\":0,\"image\":{\"@id\":\"https:\\\/\\\/lifewatercool.com\\\/en\\\/work-on-the-life-watercool-climate-adaptation-project-in-seville-to-start-in-2021\\\/#primaryimage\"},\"thumbnailUrl\":\"https:\\\/\\\/i0.wp.com\\\/lifewatercool.com\\\/wp-content\\\/uploads\\\/2022\\\/06\\\/Avenida-de-la-cruz-roja-de-sevilla-adaptacion-al-cambio-climatico-lifewatercool.png?fit=1412%2C733&ssl=1\",\"keywords\":[\"agua y cambio clim\u00e1tico\",\"agua y ciudades\",\"calentamiento global\",\"ciudades y cambio clim\u00e1tico\",\"Hitos del proyecto Lifewatercool\",\"sevilla y cambio clim\u00e1tico\"],\"articleSection\":[\"Milestones\",\"News\"],\"inLanguage\":\"en-US\",\"potentialAction\":[{\"@type\":\"CommentAction\",\"name\":\"Comment\",\"target\":[\"https:\\\/\\\/lifewatercool.com\\\/en\\\/work-on-the-life-watercool-climate-adaptation-project-in-seville-to-start-in-2021\\\/#respond\"]}]},{\"@type\":\"WebPage\",\"@id\":\"https:\\\/\\\/lifewatercool.com\\\/en\\\/work-on-the-life-watercool-climate-adaptation-project-in-seville-to-start-in-2021\\\/\",\"url\":\"https:\\\/\\\/lifewatercool.com\\\/en\\\/work-on-the-life-watercool-climate-adaptation-project-in-seville-to-start-in-2021\\\/\",\"name\":\"Work on the LIFE WaterCool climate adaptation project in Seville to start in 2021 - LifeWaterCool\",\"isPartOf\":{\"@id\":\"https:\\\/\\\/lifewatercool.com\\\/en\\\/#website\"},\"primaryImageOfPage\":{\"@id\":\"https:\\\/\\\/lifewatercool.com\\\/en\\\/work-on-the-life-watercool-climate-adaptation-project-in-seville-to-start-in-2021\\\/#primaryimage\"},\"image\":{\"@id\":\"https:\\\/\\\/lifewatercool.com\\\/en\\\/work-on-the-life-watercool-climate-adaptation-project-in-seville-to-start-in-2021\\\/#primaryimage\"},\"thumbnailUrl\":\"https:\\\/\\\/i0.wp.com\\\/lifewatercool.com\\\/wp-content\\\/uploads\\\/2022\\\/06\\\/Avenida-de-la-cruz-roja-de-sevilla-adaptacion-al-cambio-climatico-lifewatercool.png?fit=1412%2C733&ssl=1\",\"datePublished\":\"2020-11-02T15:35:44+00:00\",\"author\":{\"@id\":\"https:\\\/\\\/lifewatercool.com\\\/en\\\/#\\\/schema\\\/person\\\/1c3e0c5ceb93239f86ba2caf0536d22a\"},\"breadcrumb\":{\"@id\":\"https:\\\/\\\/lifewatercool.com\\\/en\\\/work-on-the-life-watercool-climate-adaptation-project-in-seville-to-start-in-2021\\\/#breadcrumb\"},\"inLanguage\":\"en-US\",\"potentialAction\":[{\"@type\":\"ReadAction\",\"target\":[\"https:\\\/\\\/lifewatercool.com\\\/en\\\/work-on-the-life-watercool-climate-adaptation-project-in-seville-to-start-in-2021\\\/\"]}]},{\"@type\":\"ImageObject\",\"inLanguage\":\"en-US\",\"@id\":\"https:\\\/\\\/lifewatercool.com\\\/en\\\/work-on-the-life-watercool-climate-adaptation-project-in-seville-to-start-in-2021\\\/#primaryimage\",\"url\":\"https:\\\/\\\/i0.wp.com\\\/lifewatercool.com\\\/wp-content\\\/uploads\\\/2022\\\/06\\\/Avenida-de-la-cruz-roja-de-sevilla-adaptacion-al-cambio-climatico-lifewatercool.png?fit=1412%2C733&ssl=1\",\"contentUrl\":\"https:\\\/\\\/i0.wp.com\\\/lifewatercool.com\\\/wp-content\\\/uploads\\\/2022\\\/06\\\/Avenida-de-la-cruz-roja-de-sevilla-adaptacion-al-cambio-climatico-lifewatercool.png?fit=1412%2C733&ssl=1\",\"width\":1412,\"height\":733,\"caption\":\"Imagen facilitada por Emasesa sobre la actuaci\u00f3n en el proyecto LIFE Watercool. EFE\"},{\"@type\":\"BreadcrumbList\",\"@id\":\"https:\\\/\\\/lifewatercool.com\\\/en\\\/work-on-the-life-watercool-climate-adaptation-project-in-seville-to-start-in-2021\\\/#breadcrumb\",\"itemListElement\":[{\"@type\":\"ListItem\",\"position\":1,\"name\":\"Portada\",\"item\":\"https:\\\/\\\/lifewatercool.com\\\/en\\\/project-description\\\/\"},{\"@type\":\"ListItem\",\"position\":2,\"name\":\"Work on the LIFE WaterCool climate adaptation project in Seville to start in 2021\"}]},{\"@type\":\"WebSite\",\"@id\":\"https:\\\/\\\/lifewatercool.com\\\/en\\\/#website\",\"url\":\"https:\\\/\\\/lifewatercool.com\\\/en\\\/\",\"name\":\"LifeWaterCool\",\"description\":\"Concepto sist\u00e9mico eficiente del agua para la adaptaci\u00f3n al cambio clim\u00e1tico en zonas urbanas\",\"potentialAction\":[{\"@type\":\"SearchAction\",\"target\":{\"@type\":\"EntryPoint\",\"urlTemplate\":\"https:\\\/\\\/lifewatercool.com\\\/en\\\/?s={search_term_string}\"},\"query-input\":{\"@type\":\"PropertyValueSpecification\",\"valueRequired\":true,\"valueName\":\"search_term_string\"}}],\"inLanguage\":\"en-US\"},{\"@type\":\"Person\",\"@id\":\"https:\\\/\\\/lifewatercool.com\\\/en\\\/#\\\/schema\\\/person\\\/1c3e0c5ceb93239f86ba2caf0536d22a\",\"name\":\"Arturo Larena\",\"image\":{\"@type\":\"ImageObject\",\"inLanguage\":\"en-US\",\"@id\":\"https:\\\/\\\/secure.gravatar.com\\\/avatar\\\/5329be32ad29cf731373de235a1c4ed5489b92ba399736b19f5cd4343b683126?s=96&d=identicon&r=g\",\"url\":\"https:\\\/\\\/secure.gravatar.com\\\/avatar\\\/5329be32ad29cf731373de235a1c4ed5489b92ba399736b19f5cd4343b683126?s=96&d=identicon&r=g\",\"contentUrl\":\"https:\\\/\\\/secure.gravatar.com\\\/avatar\\\/5329be32ad29cf731373de235a1c4ed5489b92ba399736b19f5cd4343b683126?s=96&d=identicon&r=g\",\"caption\":\"Arturo Larena\"},\"description\":\"Periodista Ambiental, director de EFEverde, Premio Nacional de Medio Ambiente 2005 y de la Fundaci\u00f3n BBVA a la conservaci\u00f3n de la Biodiversidad 2009\",\"sameAs\":[\"http:\\\/\\\/www.arturolarena.com\"],\"url\":\"https:\\\/\\\/lifewatercool.com\\\/en\\\/author\\\/alarena\\\/\"}]}<\/script>\n<!-- \/ Yoast SEO plugin. -->","yoast_head_json":{"title":"Work on the LIFE WaterCool climate adaptation project in Seville to start in 2021 - LifeWaterCool","robots":{"index":"index","follow":"follow","max-snippet":"max-snippet:-1","max-image-preview":"max-image-preview:large","max-video-preview":"max-video-preview:-1"},"canonical":"https:\/\/lifewatercool.com\/en\/work-on-the-life-watercool-climate-adaptation-project-in-seville-to-start-in-2021\/","og_locale":"en_US","og_type":"article","og_title":"Work on the LIFE WaterCool climate adaptation project in Seville to start in 2021 - LifeWaterCool","og_description":"Madrid\/Sevilla 2, nov .- The LIFE WaterCool climate change adaptation project to be implemented in the city of Seville, whose work will focus on water and the remodeling of several streets in the capital of Seville over the three-year duration, will begin work in 2021...","og_url":"https:\/\/lifewatercool.com\/en\/work-on-the-life-watercool-climate-adaptation-project-in-seville-to-start-in-2021\/","og_site_name":"LifeWaterCool","article_publisher":"https:\/\/www.facebook.com\/lifewatercool\/","article_published_time":"2020-11-02T15:35:44+00:00","og_image":[{"width":1024,"height":532,"url":"https:\/\/lifewatercool.com\/wp-content\/uploads\/2022\/06\/Avenida-de-la-cruz-roja-de-sevilla-adaptacion-al-cambio-climatico-lifewatercool-1024x532.png","type":"image\/png"}],"author":"Arturo Larena","twitter_card":"summary_large_image","twitter_creator":"@lifewatercool","twitter_site":"@lifewatercool","twitter_misc":{"Written by":"Arturo Larena","Est. reading time":"4 minutes"},"schema":{"@context":"https:\/\/schema.org","@graph":[{"@type":"Article","@id":"https:\/\/lifewatercool.com\/en\/work-on-the-life-watercool-climate-adaptation-project-in-seville-to-start-in-2021\/#article","isPartOf":{"@id":"https:\/\/lifewatercool.com\/en\/work-on-the-life-watercool-climate-adaptation-project-in-seville-to-start-in-2021\/"},"author":{"name":"Arturo Larena","@id":"https:\/\/lifewatercool.com\/en\/#\/schema\/person\/1c3e0c5ceb93239f86ba2caf0536d22a"},"headline":"Work on the LIFE WaterCool climate adaptation project in Seville to start in 2021","datePublished":"2020-11-02T15:35:44+00:00","mainEntityOfPage":{"@id":"https:\/\/lifewatercool.com\/en\/work-on-the-life-watercool-climate-adaptation-project-in-seville-to-start-in-2021\/"},"wordCount":742,"commentCount":0,"image":{"@id":"https:\/\/lifewatercool.com\/en\/work-on-the-life-watercool-climate-adaptation-project-in-seville-to-start-in-2021\/#primaryimage"},"thumbnailUrl":"https:\/\/i0.wp.com\/lifewatercool.com\/wp-content\/uploads\/2022\/06\/Avenida-de-la-cruz-roja-de-sevilla-adaptacion-al-cambio-climatico-lifewatercool.png?fit=1412%2C733&ssl=1","keywords":["agua y cambio clim\u00e1tico","agua y ciudades","calentamiento global","ciudades y cambio clim\u00e1tico","Hitos del proyecto Lifewatercool","sevilla y cambio clim\u00e1tico"],"articleSection":["Milestones","News"],"inLanguage":"en-US","potentialAction":[{"@type":"CommentAction","name":"Comment","target":["https:\/\/lifewatercool.com\/en\/work-on-the-life-watercool-climate-adaptation-project-in-seville-to-start-in-2021\/#respond"]}]},{"@type":"WebPage","@id":"https:\/\/lifewatercool.com\/en\/work-on-the-life-watercool-climate-adaptation-project-in-seville-to-start-in-2021\/","url":"https:\/\/lifewatercool.com\/en\/work-on-the-life-watercool-climate-adaptation-project-in-seville-to-start-in-2021\/","name":"Work on the LIFE WaterCool climate adaptation project in Seville to start in 2021 - LifeWaterCool","isPartOf":{"@id":"https:\/\/lifewatercool.com\/en\/#website"},"primaryImageOfPage":{"@id":"https:\/\/lifewatercool.com\/en\/work-on-the-life-watercool-climate-adaptation-project-in-seville-to-start-in-2021\/#primaryimage"},"image":{"@id":"https:\/\/lifewatercool.com\/en\/work-on-the-life-watercool-climate-adaptation-project-in-seville-to-start-in-2021\/#primaryimage"},"thumbnailUrl":"https:\/\/i0.wp.com\/lifewatercool.com\/wp-content\/uploads\/2022\/06\/Avenida-de-la-cruz-roja-de-sevilla-adaptacion-al-cambio-climatico-lifewatercool.png?fit=1412%2C733&ssl=1","datePublished":"2020-11-02T15:35:44+00:00","author":{"@id":"https:\/\/lifewatercool.com\/en\/#\/schema\/person\/1c3e0c5ceb93239f86ba2caf0536d22a"},"breadcrumb":{"@id":"https:\/\/lifewatercool.com\/en\/work-on-the-life-watercool-climate-adaptation-project-in-seville-to-start-in-2021\/#breadcrumb"},"inLanguage":"en-US","potentialAction":[{"@type":"ReadAction","target":["https:\/\/lifewatercool.com\/en\/work-on-the-life-watercool-climate-adaptation-project-in-seville-to-start-in-2021\/"]}]},{"@type":"ImageObject","inLanguage":"en-US","@id":"https:\/\/lifewatercool.com\/en\/work-on-the-life-watercool-climate-adaptation-project-in-seville-to-start-in-2021\/#primaryimage","url":"https:\/\/i0.wp.com\/lifewatercool.com\/wp-content\/uploads\/2022\/06\/Avenida-de-la-cruz-roja-de-sevilla-adaptacion-al-cambio-climatico-lifewatercool.png?fit=1412%2C733&ssl=1","contentUrl":"https:\/\/i0.wp.com\/lifewatercool.com\/wp-content\/uploads\/2022\/06\/Avenida-de-la-cruz-roja-de-sevilla-adaptacion-al-cambio-climatico-lifewatercool.png?fit=1412%2C733&ssl=1","width":1412,"height":733,"caption":"Imagen facilitada por Emasesa sobre la actuaci\u00f3n en el proyecto LIFE Watercool. EFE"},{"@type":"BreadcrumbList","@id":"https:\/\/lifewatercool.com\/en\/work-on-the-life-watercool-climate-adaptation-project-in-seville-to-start-in-2021\/#breadcrumb","itemListElement":[{"@type":"ListItem","position":1,"name":"Portada","item":"https:\/\/lifewatercool.com\/en\/project-description\/"},{"@type":"ListItem","position":2,"name":"Work on the LIFE WaterCool climate adaptation project in Seville to start in 2021"}]},{"@type":"WebSite","@id":"https:\/\/lifewatercool.com\/en\/#website","url":"https:\/\/lifewatercool.com\/en\/","name":"LifeWaterCool","description":"Concepto sist\u00e9mico eficiente del agua para la adaptaci\u00f3n al cambio clim\u00e1tico en zonas urbanas","potentialAction":[{"@type":"SearchAction","target":{"@type":"EntryPoint","urlTemplate":"https:\/\/lifewatercool.com\/en\/?s={search_term_string}"},"query-input":{"@type":"PropertyValueSpecification","valueRequired":true,"valueName":"search_term_string"}}],"inLanguage":"en-US"},{"@type":"Person","@id":"https:\/\/lifewatercool.com\/en\/#\/schema\/person\/1c3e0c5ceb93239f86ba2caf0536d22a","name":"Arturo Larena","image":{"@type":"ImageObject","inLanguage":"en-US","@id":"https:\/\/secure.gravatar.com\/avatar\/5329be32ad29cf731373de235a1c4ed5489b92ba399736b19f5cd4343b683126?s=96&d=identicon&r=g","url":"https:\/\/secure.gravatar.com\/avatar\/5329be32ad29cf731373de235a1c4ed5489b92ba399736b19f5cd4343b683126?s=96&d=identicon&r=g","contentUrl":"https:\/\/secure.gravatar.com\/avatar\/5329be32ad29cf731373de235a1c4ed5489b92ba399736b19f5cd4343b683126?s=96&d=identicon&r=g","caption":"Arturo Larena"},"description":"Periodista Ambiental, director de EFEverde, Premio Nacional de Medio Ambiente 2005 y de la Fundaci\u00f3n BBVA a la conservaci\u00f3n de la Biodiversidad 2009","sameAs":["http:\/\/www.arturolarena.com"],"url":"https:\/\/lifewatercool.com\/en\/author\/alarena\/"}]}},"jetpack_publicize_connections":[],"jetpack_shortlink":"https:\/\/wp.me\/pe4A2B-9qb","jetpack_sharing_enabled":true,"jetpack_featured_media_url":"https:\/\/i0.wp.com\/lifewatercool.com\/wp-content\/uploads\/2022\/06\/Avenida-de-la-cruz-roja-de-sevilla-adaptacion-al-cambio-climatico-lifewatercool.png?fit=1412%2C733&ssl=1","_links":{"self":[{"href":"https:\/\/lifewatercool.com\/en\/wp-json\/wp\/v2\/posts\/36219","targetHints":{"allow":["GET"]}}],"collection":[{"href":"https:\/\/lifewatercool.com\/en\/wp-json\/wp\/v2\/posts"}],"about":[{"href":"https:\/\/lifewatercool.com\/en\/wp-json\/wp\/v2\/types\/post"}],"author":[{"embeddable":true,"href":"https:\/\/lifewatercool.com\/en\/wp-json\/wp\/v2\/users\/198164074"}],"replies":[{"embeddable":true,"href":"https:\/\/lifewatercool.com\/en\/wp-json\/wp\/v2\/comments?post=36219"}],"version-history":[{"count":0,"href":"https:\/\/lifewatercool.com\/en\/wp-json\/wp\/v2\/posts\/36219\/revisions"}],"wp:featuredmedia":[{"embeddable":true,"href":"https:\/\/lifewatercool.com\/en\/wp-json\/wp\/v2\/media\/35248"}],"wp:attachment":[{"href":"https:\/\/lifewatercool.com\/en\/wp-json\/wp\/v2\/media?parent=36219"}],"wp:term":[{"taxonomy":"category","embeddable":true,"href":"https:\/\/lifewatercool.com\/en\/wp-json\/wp\/v2\/categories?post=36219"},{"taxonomy":"post_tag","embeddable":true,"href":"https:\/\/lifewatercool.com\/en\/wp-json\/wp\/v2\/tags?post=36219"}],"curies":[{"name":"wp","href":"https:\/\/api.w.org\/{rel}","templated":true}]}}